{"id":1343,"date":"2022-04-01T21:13:26","date_gmt":"2022-04-01T21:13:26","guid":{"rendered":"http:\/\/bajacalifornia.inea.gob.mx\/monae\/?p=1343"},"modified":"2022-04-01T21:15:49","modified_gmt":"2022-04-01T21:15:49","slug":"convenio-inea-cetis-75","status":"publish","type":"post","link":"http:\/\/bajacalifornia.inea.gob.mx\/monae\/2022\/04\/01\/convenio-inea-cetis-75\/","title":{"rendered":"Convenio INEA &#8211; Cetis 75"},"content":{"rendered":"\n<p class=\"has-ast-global-color-1-color has-text-color\">En el marco del Convenio de Colaboraci\u00f3n del INEA y SEMS para el Movimiento Nacional de Alfabetizaci\u00f3n y Educaci\u00f3n, este 21 de febrero bajo la Direcci\u00f3n General de Educaci\u00f3n Tecnol\u00f3gica Industrial y de Servicios en Baja California, se conform\u00f3 el primer comit\u00e9 local entre coordinaci\u00f3n de zona XI del INEA B. C. y el plantel CETIS 75 de Mexicali, B. C.<\/p>\n\n\n\n<figure class=\"wp-block-image size-full is-style-default\"><img loading=\"lazy\" decoding=\"async\" width=\"951\" height=\"488\" src=\"http:\/\/bajacalifornia.inea.gob.mx\/monae\/wp-content\/uploads\/2022\/04\/274574794_3164083367164091_8422469720280304193_n.jpg\" alt=\"\" class=\"wp-image-1347\" srcset=\"http:\/\/bajacalifornia.inea.gob.mx\/monae\/wp-content\/uploads\/2022\/04\/274574794_3164083367164091_8422469720280304193_n.jpg 951w, http:\/\/bajacalifornia.inea.gob.mx\/monae\/wp-content\/uploads\/2022\/04\/274574794_3164083367164091_8422469720280304193_n-300x154.jpg 300w, http:\/\/bajacalifornia.inea.gob.mx\/monae\/wp-content\/uploads\/2022\/04\/274574794_3164083367164091_8422469720280304193_n-768x394.jpg 768w\" sizes=\"auto, (max-width: 951px) 100vw, 951px\" \/><\/figure>\n","protected":false},"excerpt":{"rendered":"<p>En el marco del Convenio de Colaboraci\u00f3n del INEA y SEMS para el Movimiento Nacional de Alfabetizaci\u00f3n y Educaci\u00f3n, este 21 de febrero bajo la Direcci\u00f3n General de Educaci\u00f3n Tecnol\u00f3gica Industrial y de Servicios en Baja California, se conform\u00f3 el primer comit\u00e9 local entre coordinaci\u00f3n de zona XI del INEA B. C. y el plantel &hellip;<\/p>\n<p class=\"read-more\"> <a class=\"\" href=\"http:\/\/bajacalifornia.inea.gob.mx\/monae\/2022\/04\/01\/convenio-inea-cetis-75\/\"> <span class=\"screen-reader-text\">Convenio INEA &#8211; Cetis 75<\/span> Leer m\u00e1s &raquo;<\/a><\/p>\n","protected":false},"author":1,"featured_media":1344,"comment_status":"open","ping_status":"open","sticky":false,"template":"","format":"standard","meta":{"_uag_custom_page_level_css":"","site-sidebar-layout":"default","site-content-layout":"default","ast-global-header-display":"","ast-banner-title-visibility":"","ast-main-header-display":"","ast-hfb-above-header-display":"","ast-hfb-below-header-display":"","ast-hfb-mobile-header-display":"","site-post-title":"","ast-breadcrumbs-content":"","ast-featured-img":"","footer-sml-layout":"","theme-transparent-header-meta":"","adv-header-id-meta":"","stick-header-meta":"","header-above-stick-meta":"","header-main-stick-meta":"","header-below-stick-meta":"","footnotes":""},"categories":[1],"tags":[],"class_list":["post-1343","post","type-post","status-publish","format-standard","has-post-thumbnail","hentry","category-monae"],"uagb_featured_image_src":{"full":["http:\/\/bajacalifornia.inea.gob.mx\/monae\/wp-content\/uploads\/2022\/04\/firma-XI-Cetis-75.jpg",627,491,false],"thumbnail":["http:\/\/bajacalifornia.inea.gob.mx\/monae\/wp-content\/uploads\/2022\/04\/firma-XI-Cetis-75-150x150.jpg",150,150,true],"medium":["http:\/\/bajacalifornia.inea.gob.mx\/monae\/wp-content\/uploads\/2022\/04\/firma-XI-Cetis-75-300x235.jpg",300,235,true],"medium_large":["http:\/\/bajacalifornia.inea.gob.mx\/monae\/wp-content\/uploads\/2022\/04\/firma-XI-Cetis-75.jpg",627,491,false],"large":["http:\/\/bajacalifornia.inea.gob.mx\/monae\/wp-content\/uploads\/2022\/04\/firma-XI-Cetis-75.jpg",627,491,false],"1536x1536":["http:\/\/bajacalifornia.inea.gob.mx\/monae\/wp-content\/uploads\/2022\/04\/firma-XI-Cetis-75.jpg",627,491,false],"2048x2048":["http:\/\/bajacalifornia.inea.gob.mx\/monae\/wp-content\/uploads\/2022\/04\/firma-XI-Cetis-75.jpg",627,491,false]},"uagb_author_info":{"display_name":"monae_difusion","author_link":"http:\/\/bajacalifornia.inea.gob.mx\/monae\/author\/monae_difusion\/"},"uagb_comment_info":0,"uagb_excerpt":"En el marco del Convenio de Colaboraci\u00f3n del INEA y SEMS para el Movimiento Nacional de Alfabetizaci\u00f3n y Educaci\u00f3n, este 21 de febrero bajo la Direcci\u00f3n General de Educaci\u00f3n Tecnol\u00f3gica Industrial y de Servicios en Baja California, se conform\u00f3 el primer comit\u00e9 local entre coordinaci\u00f3n de zona XI del INEA B. C. y el plantel&hellip;","_links":{"self":[{"href":"http:\/\/bajacalifornia.inea.gob.mx\/monae\/wp-json\/wp\/v2\/posts\/1343","targetHints":{"allow":["GET"]}}],"collection":[{"href":"http:\/\/bajacalifornia.inea.gob.mx\/monae\/wp-json\/wp\/v2\/posts"}],"about":[{"href":"http:\/\/bajacalifornia.inea.gob.mx\/monae\/wp-json\/wp\/v2\/types\/post"}],"author":[{"embeddable":true,"href":"http:\/\/bajacalifornia.inea.gob.mx\/monae\/wp-json\/wp\/v2\/users\/1"}],"replies":[{"embeddable":true,"href":"http:\/\/bajacalifornia.inea.gob.mx\/monae\/wp-json\/wp\/v2\/comments?post=1343"}],"version-history":[{"count":3,"href":"http:\/\/bajacalifornia.inea.gob.mx\/monae\/wp-json\/wp\/v2\/posts\/1343\/revisions"}],"predecessor-version":[{"id":1348,"href":"http:\/\/bajacalifornia.inea.gob.mx\/monae\/wp-json\/wp\/v2\/posts\/1343\/revisions\/1348"}],"wp:featuredmedia":[{"embeddable":true,"href":"http:\/\/bajacalifornia.inea.gob.mx\/monae\/wp-json\/wp\/v2\/media\/1344"}],"wp:attachment":[{"href":"http:\/\/bajacalifornia.inea.gob.mx\/monae\/wp-json\/wp\/v2\/media?parent=1343"}],"wp:term":[{"taxonomy":"category","embeddable":true,"href":"http:\/\/bajacalifornia.inea.gob.mx\/monae\/wp-json\/wp\/v2\/categories?post=1343"},{"taxonomy":"post_tag","embeddable":true,"href":"http:\/\/bajacalifornia.inea.gob.mx\/monae\/wp-json\/wp\/v2\/tags?post=1343"}],"curies":[{"name":"wp","href":"https:\/\/api.w.org\/{rel}","templated":true}]}}