{"id":1352,"date":"2022-04-01T21:23:43","date_gmt":"2022-04-01T21:23:43","guid":{"rendered":"http:\/\/bajacalifornia.inea.gob.mx\/monae\/?p=1352"},"modified":"2022-04-01T21:28:10","modified_gmt":"2022-04-01T21:28:10","slug":"convenio-inea-cbta-41","status":"publish","type":"post","link":"http:\/\/bajacalifornia.inea.gob.mx\/monae\/2022\/04\/01\/convenio-inea-cbta-41\/","title":{"rendered":"Convenio INEA -Cbta 41"},"content":{"rendered":"\n<p class=\"has-ast-global-color-1-color has-text-color\">El jueves 24 de febrero se llevo a cabo la firma de convenio entre INEA, B.C. y CBTA 41 en el Valle de Mexicali donde se conforma el Segundo Comit\u00e9 local INEA-SEMS en el marco del Movimiento Nacional por la Alfabetizaci\u00f3n y Educaci\u00f3n.<\/p>\n\n\n\n<figure class=\"wp-block-gallery has-nested-images columns-default is-cropped wp-block-gallery-1 is-layout-flex wp-block-gallery-is-layout-flex\">\n<figure class=\"wp-block-image size-large is-style-default\"><img loading=\"lazy\" decoding=\"async\" width=\"1024\" height=\"768\" data-id=\"1355\" src=\"http:\/\/bajacalifornia.inea.gob.mx\/monae\/wp-content\/uploads\/2022\/04\/1-1024x768.jpg\" alt=\"\" class=\"wp-image-1355\" srcset=\"http:\/\/bajacalifornia.inea.gob.mx\/monae\/wp-content\/uploads\/2022\/04\/1-1024x768.jpg 1024w, http:\/\/bajacalifornia.inea.gob.mx\/monae\/wp-content\/uploads\/2022\/04\/1-300x225.jpg 300w, http:\/\/bajacalifornia.inea.gob.mx\/monae\/wp-content\/uploads\/2022\/04\/1-768x576.jpg 768w, http:\/\/bajacalifornia.inea.gob.mx\/monae\/wp-content\/uploads\/2022\/04\/1-1536x1152.jpg 1536w, http:\/\/bajacalifornia.inea.gob.mx\/monae\/wp-content\/uploads\/2022\/04\/1.jpg 1600w\" sizes=\"auto, (max-width: 1024px) 100vw, 1024px\" \/><\/figure>\n\n\n\n<figure class=\"wp-block-image size-large is-style-default\"><img loading=\"lazy\" decoding=\"async\" width=\"768\" height=\"1024\" data-id=\"1357\" src=\"http:\/\/bajacalifornia.inea.gob.mx\/monae\/wp-content\/uploads\/2022\/04\/2-768x1024.jpg\" alt=\"\" class=\"wp-image-1357\" srcset=\"http:\/\/bajacalifornia.inea.gob.mx\/monae\/wp-content\/uploads\/2022\/04\/2-768x1024.jpg 768w, http:\/\/bajacalifornia.inea.gob.mx\/monae\/wp-content\/uploads\/2022\/04\/2-225x300.jpg 225w, http:\/\/bajacalifornia.inea.gob.mx\/monae\/wp-content\/uploads\/2022\/04\/2-1152x1536.jpg 1152w, http:\/\/bajacalifornia.inea.gob.mx\/monae\/wp-content\/uploads\/2022\/04\/2.jpg 1200w\" sizes=\"auto, (max-width: 768px) 100vw, 768px\" \/><\/figure>\n\n\n\n<figure class=\"wp-block-image size-large is-style-default\"><img loading=\"lazy\" decoding=\"async\" width=\"768\" height=\"1024\" data-id=\"1354\" src=\"http:\/\/bajacalifornia.inea.gob.mx\/monae\/wp-content\/uploads\/2022\/04\/3-768x1024.jpg\" alt=\"\" class=\"wp-image-1354\" srcset=\"http:\/\/bajacalifornia.inea.gob.mx\/monae\/wp-content\/uploads\/2022\/04\/3-768x1024.jpg 768w, http:\/\/bajacalifornia.inea.gob.mx\/monae\/wp-content\/uploads\/2022\/04\/3-225x300.jpg 225w, http:\/\/bajacalifornia.inea.gob.mx\/monae\/wp-content\/uploads\/2022\/04\/3-1152x1536.jpg 1152w, http:\/\/bajacalifornia.inea.gob.mx\/monae\/wp-content\/uploads\/2022\/04\/3.jpg 1200w\" sizes=\"auto, (max-width: 768px) 100vw, 768px\" \/><\/figure>\n\n\n\n<figure class=\"wp-block-image size-large is-style-default\"><img loading=\"lazy\" decoding=\"async\" width=\"1200\" height=\"1600\" data-id=\"1356\" src=\"http:\/\/bajacalifornia.inea.gob.mx\/monae\/wp-content\/uploads\/2022\/04\/4-768x1024.jpg\" alt=\"\" class=\"wp-image-1356\" srcset=\"http:\/\/bajacalifornia.inea.gob.mx\/monae\/wp-content\/uploads\/2022\/04\/4-768x1024.jpg 768w, http:\/\/bajacalifornia.inea.gob.mx\/monae\/wp-content\/uploads\/2022\/04\/4-225x300.jpg 225w, http:\/\/bajacalifornia.inea.gob.mx\/monae\/wp-content\/uploads\/2022\/04\/4-1152x1536.jpg 1152w, http:\/\/bajacalifornia.inea.gob.mx\/monae\/wp-content\/uploads\/2022\/04\/4.jpg 1200w\" sizes=\"auto, (max-width: 1200px) 100vw, 1200px\" \/><\/figure>\n<\/figure>\n","protected":false},"excerpt":{"rendered":"<p>El jueves 24 de febrero se llevo a cabo la firma de convenio entre INEA, B.C. y CBTA 41 en el Valle de Mexicali donde se conforma el Segundo Comit\u00e9 local INEA-SEMS en el marco del Movimiento Nacional por la Alfabetizaci\u00f3n y Educaci\u00f3n.<\/p>\n","protected":false},"author":1,"featured_media":1361,"comment_status":"open","ping_status":"open","sticky":false,"template":"","format":"standard","meta":{"_uag_custom_page_level_css":"","site-sidebar-layout":"default","site-content-layout":"default","ast-global-header-display":"","ast-banner-title-visibility":"","ast-main-header-display":"","ast-hfb-above-header-display":"","ast-hfb-below-header-display":"","ast-hfb-mobile-header-display":"","site-post-title":"","ast-breadcrumbs-content":"","ast-featured-img":"","footer-sml-layout":"","theme-transparent-header-meta":"","adv-header-id-meta":"","stick-header-meta":"","header-above-stick-meta":"","header-main-stick-meta":"","header-below-stick-meta":"","footnotes":""},"categories":[1],"tags":[],"class_list":["post-1352","post","type-post","status-publish","format-standard","has-post-thumbnail","hentry","category-monae"],"uagb_featured_image_src":{"full":["http:\/\/bajacalifornia.inea.gob.mx\/monae\/wp-content\/uploads\/2022\/04\/INEA-CBTA-41.png",401,401,false],"thumbnail":["http:\/\/bajacalifornia.inea.gob.mx\/monae\/wp-content\/uploads\/2022\/04\/INEA-CBTA-41-150x150.png",150,150,true],"medium":["http:\/\/bajacalifornia.inea.gob.mx\/monae\/wp-content\/uploads\/2022\/04\/INEA-CBTA-41-300x300.png",300,300,true],"medium_large":["http:\/\/bajacalifornia.inea.gob.mx\/monae\/wp-content\/uploads\/2022\/04\/INEA-CBTA-41.png",401,401,false],"large":["http:\/\/bajacalifornia.inea.gob.mx\/monae\/wp-content\/uploads\/2022\/04\/INEA-CBTA-41.png",401,401,false],"1536x1536":["http:\/\/bajacalifornia.inea.gob.mx\/monae\/wp-content\/uploads\/2022\/04\/INEA-CBTA-41.png",401,401,false],"2048x2048":["http:\/\/bajacalifornia.inea.gob.mx\/monae\/wp-content\/uploads\/2022\/04\/INEA-CBTA-41.png",401,401,false]},"uagb_author_info":{"display_name":"monae_difusion","author_link":"http:\/\/bajacalifornia.inea.gob.mx\/monae\/author\/monae_difusion\/"},"uagb_comment_info":0,"uagb_excerpt":"El jueves 24 de febrero se llevo a cabo la firma de convenio entre INEA, B.C. y CBTA 41 en el Valle de Mexicali donde se conforma el Segundo Comit\u00e9 local INEA-SEMS en el marco del Movimiento Nacional por la Alfabetizaci\u00f3n y Educaci\u00f3n.","_links":{"self":[{"href":"http:\/\/bajacalifornia.inea.gob.mx\/monae\/wp-json\/wp\/v2\/posts\/1352","targetHints":{"allow":["GET"]}}],"collection":[{"href":"http:\/\/bajacalifornia.inea.gob.mx\/monae\/wp-json\/wp\/v2\/posts"}],"about":[{"href":"http:\/\/bajacalifornia.inea.gob.mx\/monae\/wp-json\/wp\/v2\/types\/post"}],"author":[{"embeddable":true,"href":"http:\/\/bajacalifornia.inea.gob.mx\/monae\/wp-json\/wp\/v2\/users\/1"}],"replies":[{"embeddable":true,"href":"http:\/\/bajacalifornia.inea.gob.mx\/monae\/wp-json\/wp\/v2\/comments?post=1352"}],"version-history":[{"count":2,"href":"http:\/\/bajacalifornia.inea.gob.mx\/monae\/wp-json\/wp\/v2\/posts\/1352\/revisions"}],"predecessor-version":[{"id":1359,"href":"http:\/\/bajacalifornia.inea.gob.mx\/monae\/wp-json\/wp\/v2\/posts\/1352\/revisions\/1359"}],"wp:featuredmedia":[{"embeddable":true,"href":"http:\/\/bajacalifornia.inea.gob.mx\/monae\/wp-json\/wp\/v2\/media\/1361"}],"wp:attachment":[{"href":"http:\/\/bajacalifornia.inea.gob.mx\/monae\/wp-json\/wp\/v2\/media?parent=1352"}],"wp:term":[{"taxonomy":"category","embeddable":true,"href":"http:\/\/bajacalifornia.inea.gob.mx\/monae\/wp-json\/wp\/v2\/categories?post=1352"},{"taxonomy":"post_tag","embeddable":true,"href":"http:\/\/bajacalifornia.inea.gob.mx\/monae\/wp-json\/wp\/v2\/tags?post=1352"}],"curies":[{"name":"wp","href":"https:\/\/api.w.org\/{rel}","templated":true}]}}