{"id":1403,"date":"2022-04-28T20:31:29","date_gmt":"2022-04-28T20:31:29","guid":{"rendered":"http:\/\/bajacalifornia.inea.gob.mx\/monae\/?p=1403"},"modified":"2022-04-28T20:44:29","modified_gmt":"2022-04-28T20:44:29","slug":"colaboracion-inea-cbtis-278","status":"publish","type":"post","link":"http:\/\/bajacalifornia.inea.gob.mx\/monae\/2022\/04\/28\/colaboracion-inea-cbtis-278\/","title":{"rendered":"Colaboraci\u00f3n INEA-Cbtis 278"},"content":{"rendered":"\n<p>En el marco del Movimiento Nacional por la Alfabetizaci\u00f3n y la Educaci\u00f3n se llev\u00f3 a cabo la reuni\u00f3n para conformar el Comit\u00e9 Local de participaci\u00f3n social INEA_SEMS con CBTIS 278 y Coordinaci\u00f3n de Zona 05 del INEA en Tijuana, Baja California.<\/p>\n\n\n\n<figure class=\"wp-block-image size-large is-style-default\"><img loading=\"lazy\" decoding=\"async\" width=\"1024\" height=\"768\" src=\"http:\/\/bajacalifornia.inea.gob.mx\/monae\/wp-content\/uploads\/2022\/04\/2-1024x768.png\" alt=\"\" class=\"wp-image-1406\" srcset=\"http:\/\/bajacalifornia.inea.gob.mx\/monae\/wp-content\/uploads\/2022\/04\/2-1024x768.png 1024w, http:\/\/bajacalifornia.inea.gob.mx\/monae\/wp-content\/uploads\/2022\/04\/2-300x225.png 300w, http:\/\/bajacalifornia.inea.gob.mx\/monae\/wp-content\/uploads\/2022\/04\/2-768x576.png 768w, http:\/\/bajacalifornia.inea.gob.mx\/monae\/wp-content\/uploads\/2022\/04\/2.png 1040w\" sizes=\"auto, (max-width: 1024px) 100vw, 1024px\" \/><\/figure>\n","protected":false},"excerpt":{"rendered":"<p>En el marco del Movimiento Nacional por la Alfabetizaci\u00f3n y la Educaci\u00f3n se llev\u00f3 a cabo la reuni\u00f3n para conformar el Comit\u00e9 Local de participaci\u00f3n social INEA_SEMS con CBTIS 278 y Coordinaci\u00f3n de Zona 05 del INEA en Tijuana, Baja California.<\/p>\n","protected":false},"author":1,"featured_media":1408,"comment_status":"closed","ping_status":"open","sticky":false,"template":"","format":"standard","meta":{"_uag_custom_page_level_css":"","site-sidebar-layout":"default","site-content-layout":"default","ast-global-header-display":"","ast-banner-title-visibility":"","ast-main-header-display":"","ast-hfb-above-header-display":"","ast-hfb-below-header-display":"","ast-hfb-mobile-header-display":"","site-post-title":"","ast-breadcrumbs-content":"","ast-featured-img":"","footer-sml-layout":"","theme-transparent-header-meta":"","adv-header-id-meta":"","stick-header-meta":"","header-above-stick-meta":"","header-main-stick-meta":"","header-below-stick-meta":"","footnotes":""},"categories":[1],"tags":[],"class_list":["post-1403","post","type-post","status-publish","format-standard","has-post-thumbnail","hentry","category-monae"],"uagb_featured_image_src":{"full":["http:\/\/bajacalifornia.inea.gob.mx\/monae\/wp-content\/uploads\/2022\/04\/1.png",600,450,false],"thumbnail":["http:\/\/bajacalifornia.inea.gob.mx\/monae\/wp-content\/uploads\/2022\/04\/1-150x150.png",150,150,true],"medium":["http:\/\/bajacalifornia.inea.gob.mx\/monae\/wp-content\/uploads\/2022\/04\/1-300x225.png",300,225,true],"medium_large":["http:\/\/bajacalifornia.inea.gob.mx\/monae\/wp-content\/uploads\/2022\/04\/1.png",600,450,false],"large":["http:\/\/bajacalifornia.inea.gob.mx\/monae\/wp-content\/uploads\/2022\/04\/1.png",600,450,false],"1536x1536":["http:\/\/bajacalifornia.inea.gob.mx\/monae\/wp-content\/uploads\/2022\/04\/1.png",600,450,false],"2048x2048":["http:\/\/bajacalifornia.inea.gob.mx\/monae\/wp-content\/uploads\/2022\/04\/1.png",600,450,false]},"uagb_author_info":{"display_name":"monae_difusion","author_link":"http:\/\/bajacalifornia.inea.gob.mx\/monae\/author\/monae_difusion\/"},"uagb_comment_info":0,"uagb_excerpt":"En el marco del Movimiento Nacional por la Alfabetizaci\u00f3n y la Educaci\u00f3n se llev\u00f3 a cabo la reuni\u00f3n para conformar el Comit\u00e9 Local de participaci\u00f3n social INEA_SEMS con CBTIS 278 y Coordinaci\u00f3n de Zona 05 del INEA en Tijuana, Baja California.","_links":{"self":[{"href":"http:\/\/bajacalifornia.inea.gob.mx\/monae\/wp-json\/wp\/v2\/posts\/1403","targetHints":{"allow":["GET"]}}],"collection":[{"href":"http:\/\/bajacalifornia.inea.gob.mx\/monae\/wp-json\/wp\/v2\/posts"}],"about":[{"href":"http:\/\/bajacalifornia.inea.gob.mx\/monae\/wp-json\/wp\/v2\/types\/post"}],"author":[{"embeddable":true,"href":"http:\/\/bajacalifornia.inea.gob.mx\/monae\/wp-json\/wp\/v2\/users\/1"}],"replies":[{"embeddable":true,"href":"http:\/\/bajacalifornia.inea.gob.mx\/monae\/wp-json\/wp\/v2\/comments?post=1403"}],"version-history":[{"count":2,"href":"http:\/\/bajacalifornia.inea.gob.mx\/monae\/wp-json\/wp\/v2\/posts\/1403\/revisions"}],"predecessor-version":[{"id":1407,"href":"http:\/\/bajacalifornia.inea.gob.mx\/monae\/wp-json\/wp\/v2\/posts\/1403\/revisions\/1407"}],"wp:featuredmedia":[{"embeddable":true,"href":"http:\/\/bajacalifornia.inea.gob.mx\/monae\/wp-json\/wp\/v2\/media\/1408"}],"wp:attachment":[{"href":"http:\/\/bajacalifornia.inea.gob.mx\/monae\/wp-json\/wp\/v2\/media?parent=1403"}],"wp:term":[{"taxonomy":"category","embeddable":true,"href":"http:\/\/bajacalifornia.inea.gob.mx\/monae\/wp-json\/wp\/v2\/categories?post=1403"},{"taxonomy":"post_tag","embeddable":true,"href":"http:\/\/bajacalifornia.inea.gob.mx\/monae\/wp-json\/wp\/v2\/tags?post=1403"}],"curies":[{"name":"wp","href":"https:\/\/api.w.org\/{rel}","templated":true}]}}